{"id":26784,"date":"2023-06-26T08:00:34","date_gmt":"2023-06-26T06:00:34","guid":{"rendered":"https:\/\/www.cosinuss.com\/?p=26784"},"modified":"2023-06-29T12:11:59","modified_gmt":"2023-06-29T10:11:59","slug":"tech-days-munich-2023","status":"publish","type":"post","link":"https:\/\/www.cosinuss.com\/de\/2023\/06\/26\/tech-days-munich-2023\/","title":{"rendered":"Tech Days Munich 2023"},"content":{"rendered":"<div class=\"fusion-fullwidth fullwidth-box fusion-builder-row-1 fusion-flex-container has-pattern-background has-mask-background nonhundred-percent-fullwidth non-hundred-percent-height-scrolling\" style=\"--awb-border-radius-top-left:0px;--awb-border-radius-top-right:0px;--awb-border-radius-bottom-right:0px;--awb-border-radius-bottom-left:0px;--awb-flex-wrap:wrap;\" ><div class=\"fusion-builder-row fusion-row fusion-flex-align-items-flex-start fusion-flex-content-wrap\" style=\"max-width:1144px;margin-left: calc(-4% \/ 2 );margin-right: calc(-4% \/ 2 );\"><div class=\"fusion-layout-column fusion_builder_column fusion-builder-column-0 fusion_builder_column_1_1 1_1 fusion-flex-column\" style=\"--awb-bg-size:cover;--awb-width-large:100%;--awb-margin-top-large:0px;--awb-spacing-right-large:1.92%;--awb-margin-bottom-large:20px;--awb-spacing-left-large:1.92%;--awb-width-medium:100%;--awb-order-medium:0;--awb-spacing-right-medium:1.92%;--awb-spacing-left-medium:1.92%;--awb-width-small:100%;--awb-order-small:0;--awb-spacing-right-small:1.92%;--awb-spacing-left-small:1.92%;\"><div class=\"fusion-column-wrapper fusion-column-has-shadow fusion-flex-justify-content-flex-start fusion-content-layout-column\"><div class=\"fusion-text fusion-text-1\"><p><strong>26.-27. Juni 2023 (CET)<\/strong><br \/>\n<strong>Sprache: Englisch<\/strong><br \/>\n<strong>M\u00fcnchen, Deutschland<\/strong><\/p>\n<\/div><div class=\"fusion-text fusion-text-2\"><p>Am 26. und 27. Juni 2023 finden in M\u00fcnchen im Rahmen der Tech Days 2023 namhafte Akteure aus verschiedenen Branchen zusammen. Die Veranstaltung pr\u00e4sentiert die neuesten technologischen Fortschritte und bietet eine Plattform f\u00fcr Networking und Ideenaustausch. Wir freuen uns, dass cosinuss\u00b0 ebenfalls dabei sein wird!<\/p>\n<\/div><div class=\"fusion-title title fusion-title-1 sep-underline sep-solid fusion-title-text fusion-title-size-two\"><h2 class=\"fusion-title-heading title-heading-left fusion-responsive-typography-calculated\" style=\"margin:0;--fontSize:30;line-height:1.5;\">Eine Plattform f\u00fcr digitale Innovationen im Herzen M\u00fcnchens<\/h2><\/div><div class=\"fusion-text fusion-text-3\"><p>Die Tech Days z\u00e4hlen zu einer prestigetr\u00e4chtigen Veranstaltung, die Experten, Investoren und Enthusiasten aus der Technologiebranche zusammenbringt. Hier werden die neuesten technologischen Fortschritte pr\u00e4sentiert und eine optimale Networking-Plattform geboten. Im Rahmen der Tech Days finden Ausstellungen, Konferenzen, Workshops sowie Pr\u00e4sentationen und Podiumsdiskussionen zu verschiedenen Technologiethemen statt. Ein besonderer Fokus wird bei der diesj\u00e4hrigen Veranstaltung auf Anwendungen gelegt, die k\u00fcnstliche Intelligenz (KI) einsetzen. Ein Thema, das auch in der Gesundheits- und Pharmabranche immer pr\u00e4senter wird.<\/p>\n<\/div><div class=\"fusion-title title fusion-title-2 sep-underline sep-solid fusion-title-text fusion-title-size-two\"><h2 class=\"fusion-title-heading title-heading-left fusion-responsive-typography-calculated\" style=\"margin:0;--fontSize:30;line-height:1.5;\">Mit cosinuss\u00b0 L\u00fccken im Gesundheitswesen schlie\u00dfen<\/h2><\/div><div class=\"fusion-text fusion-text-4\"><p>cosinuss\u00b0 wird an beiden Tagen im Exhibition-Bereich vertreten sein. Den Besucher:innen der TechDays pr\u00e4sentieren wir unser System zur mobilen und kontinuierlichen Vitalparametermessung im Ohr. Mit unserer <a href=\"https:\/\/www.cosinuss.com\/de\/technology\/\">Technologie<\/a> verfolgen wir das Ziel, L\u00fccken im Gesundheitswesen zu schlie\u00dfen und somit das Leben der Patient:innen zu verbessern. Neben der Demonstration unserer Im-Ohr Sensoren und der dazugeh\u00f6rigen Health Platform, berichten wir gerne von unseren Erfahrungen aus laufenden und abgeschlossenen Pilotprojekten und Studien. So fand unser Monitoring System bereits Anwendung in der <a href=\"https:\/\/www.cosinuss.com\/de\/2021\/05\/20\/studie-in-ear-sensortechnologie-in-der-bergrettung\/\">Bergrettung<\/a> und im Remote Patient Monitoring (<a href=\"https:\/\/www.cosinuss.com\/de\/portfolio-items\/studie-zur-fernueberwachung-von-patienten-bei-covid-19\/\">TELECOVID<\/a>).<\/p>\n<\/div><div class=\"fusion-title title fusion-title-3 sep-underline sep-solid fusion-title-text fusion-title-size-two\"><h2 class=\"fusion-title-heading title-heading-left fusion-responsive-typography-calculated\" style=\"margin:0;--fontSize:30;line-height:1.5;\">Mehr \u00fcber die Tech Days Munich<\/h2><\/div><div class=\"fusion-text fusion-text-5\"><p>Die Tech Days finden im Zentrum M\u00fcnchens im Muffatwerk statt und werden vom <a href=\"https:\/\/www.stmwi.bayern.de\/\" target=\"_blank\" rel=\"noopener\">Bayerischen Staatsministerium f\u00fcr Wirtschaft, Landesentwicklung und Energie<\/a> gef\u00f6rdert.<\/p>\n<p>Die M\u00fcnchener Tech Days bieten ein internationales Forum f\u00fcr digitale Innovationen \u00fcber Branchen und Sektoren hinweg. Startups, Tech-Unternehmen und Innovatoren aus Forschung und Entwicklung finden sich am 26. und 27. Juni 2023 zusammen, um ihre Ideen, Technologien und Projekte zu pr\u00e4sentieren, zu diskutieren und auszutauschen. Mit dabei sind Innovator:innen und Entscheider:innen verschiedener Unternehmen sowie Privatinvestoren, Venture-Capital-Geber, Inkubatoren und weitere Partner aus dem F\u00f6rder-\u00d6kosystem.<\/p>\n<\/div><div class=\"fusion-title title fusion-title-4 sep-underline sep-solid fusion-title-text fusion-title-size-three\"><h3 class=\"fusion-title-heading title-heading-left fusion-responsive-typography-calculated\" style=\"margin:0;--fontSize:20;--minFontSize:20;line-height:1.5;\">Mehr Informationen \u00fcber das Event<\/h3><\/div><div class=\"fusion-text fusion-text-6\"><p><a href=\"https:\/\/techdaysmunich.com\/\" target=\"_blank\" rel=\"noopener\">https:\/\/techdaysmunich.com\/<\/a><br \/>\n<a href=\"https:\/\/www.bayern-innovativ.de\/de\/veranstaltung\/techdays2023\" target=\"_blank\" rel=\"noopener\">https:\/\/www.bayern-innovativ.de\/de\/veranstaltung\/techdays2023<\/a><\/p>\n<\/div><\/div><\/div><\/div><\/div>\n<div class=\"shariff shariff-align-left shariff-widget-align-left\" style=\"display:none\"><div class=\"ShariffHeadline\">Share this post! \/ Teile diesen Beitrag!<\/div><ul class=\"shariff-buttons theme-grey orientation-horizontal buttonsize-small\"><li class=\"shariff-button facebook shariff-nocustomcolor\" style=\"background-color:#4273c8\"><a href=\"https:\/\/www.facebook.com\/sharer\/sharer.php?u=https%3A%2F%2Fwww.cosinuss.com%2Fde%2F2023%2F06%2F26%2Ftech-days-munich-2023%2F\" title=\"Bei Facebook teilen\" aria-label=\"Bei Facebook teilen\" role=\"button\" rel=\"nofollow\" class=\"shariff-link\" style=\"; background-color:#3b5998; color:#fff\" target=\"_blank\"><span class=\"shariff-icon\" style=\"\"><svg width=\"32px\" height=\"20px\" xmlns=\"http:\/\/www.w3.org\/2000\/svg\" viewBox=\"0 0 18 32\"><path fill=\"#3b5998\" d=\"M17.1 0.2v4.7h-2.8q-1.5 0-2.1 0.6t-0.5 1.9v3.4h5.2l-0.7 5.3h-4.5v13.6h-5.5v-13.6h-4.5v-5.3h4.5v-3.9q0-3.3 1.9-5.2t5-1.8q2.6 0 4.1 0.2z\"\/><\/svg><\/span><span class=\"shariff-text\">teilen<\/span>&nbsp;<\/a><\/li><li class=\"shariff-button linkedin shariff-nocustomcolor\" style=\"background-color:#1488bf\"><a href=\"https:\/\/www.linkedin.com\/sharing\/share-offsite\/?url=https%3A%2F%2Fwww.cosinuss.com%2Fde%2F2023%2F06%2F26%2Ftech-days-munich-2023%2F\" title=\"Bei LinkedIn teilen\" aria-label=\"Bei LinkedIn teilen\" role=\"button\" rel=\"noopener nofollow\" class=\"shariff-link\" style=\"; background-color:#0077b5; color:#fff\" target=\"_blank\"><span class=\"shariff-icon\" style=\"\"><svg width=\"32px\" height=\"20px\" xmlns=\"http:\/\/www.w3.org\/2000\/svg\" viewBox=\"0 0 27 32\"><path fill=\"#0077b5\" d=\"M6.2 11.2v17.7h-5.9v-17.7h5.9zM6.6 5.7q0 1.3-0.9 2.2t-2.4 0.9h0q-1.5 0-2.4-0.9t-0.9-2.2 0.9-2.2 2.4-0.9 2.4 0.9 0.9 2.2zM27.4 18.7v10.1h-5.9v-9.5q0-1.9-0.7-2.9t-2.3-1.1q-1.1 0-1.9 0.6t-1.2 1.5q-0.2 0.5-0.2 1.4v9.9h-5.9q0-7.1 0-11.6t0-5.3l0-0.9h5.9v2.6h0q0.4-0.6 0.7-1t1-0.9 1.6-0.8 2-0.3q3 0 4.9 2t1.9 6z\"\/><\/svg><\/span><span class=\"shariff-text\">teilen<\/span>&nbsp;<\/a><\/li><li class=\"shariff-button rss shariff-nocustomcolor\" style=\"background-color:#ff8c00\"><a href=\"https:\/\/www.cosinuss.com\/de\/feed\/rss\/\" title=\"RSS-feed\" aria-label=\"RSS-feed\" role=\"button\" class=\"shariff-link\" style=\"; background-color:#fe9312; color:#fff\" target=\"_blank\"><span class=\"shariff-icon\" style=\"\"><svg width=\"32px\" height=\"20px\" xmlns=\"http:\/\/www.w3.org\/2000\/svg\" viewBox=\"0 0 32 32\"><path fill=\"#fe9312\" d=\"M4.3 23.5c-2.3 0-4.3 1.9-4.3 4.3 0 2.3 1.9 4.2 4.3 4.2 2.4 0 4.3-1.9 4.3-4.2 0-2.3-1.9-4.3-4.3-4.3zM0 10.9v6.1c4 0 7.7 1.6 10.6 4.4 2.8 2.8 4.4 6.6 4.4 10.6h6.2c0-11.7-9.5-21.1-21.1-21.1zM0 0v6.1c14.2 0 25.8 11.6 25.8 25.9h6.2c0-17.6-14.4-32-32-32z\"\/><\/svg><\/span><span class=\"shariff-text\">RSS-feed<\/span>&nbsp;<\/a><\/li><li class=\"shariff-button telegram shariff-nocustomcolor\" style=\"background-color:#4084A6\"><a href=\"https:\/\/telegram.me\/share\/url?url=https%3A%2F%2Fwww.cosinuss.com%2Fde%2F2023%2F06%2F26%2Ftech-days-munich-2023%2F&text=Tech%20Days%20Munich%202023\" title=\"Bei Telegram teilen\" aria-label=\"Bei Telegram teilen\" role=\"button\" rel=\"noopener nofollow\" class=\"shariff-link\" style=\"; background-color:#0088cc; color:#fff\" target=\"_blank\"><span class=\"shariff-icon\" style=\"\"><svg width=\"32px\" height=\"20px\" xmlns=\"http:\/\/www.w3.org\/2000\/svg\" viewBox=\"0 0 32 32\"><path fill=\"#0088cc\" d=\"M30.8 6.5l-4.5 21.4c-.3 1.5-1.2 1.9-2.5 1.2L16.9 24l-3.3 3.2c-.4.4-.7.7-1.4.7l.5-7L25.5 9.2c.6-.5-.1-.8-.9-.3l-15.8 10L2 16.7c-1.5-.5-1.5-1.5.3-2.2L28.9 4.3c1.3-.5 2.3.3 1.9 2.2z\"\/><\/svg><\/span><span class=\"shariff-text\">teilen<\/span>&nbsp;<\/a><\/li><li class=\"shariff-button threema shariff-nocustomcolor shariff-mobile\" style=\"background-color:#4fbc24\"><a href=\"threema:\/\/compose?text=Tech%20Days%20Munich%202023%20https%3A%2F%2Fwww.cosinuss.com%2Fde%2F2023%2F06%2F26%2Ftech-days-munich-2023%2F\" title=\"Bei Threema teilen\" aria-label=\"Bei Threema teilen\" role=\"button\" rel=\"noopener nofollow\" class=\"shariff-link\" style=\"; background-color:#1f1f1f; color:#fff\" target=\"_blank\"><span class=\"shariff-icon\" style=\"\"><svg width=\"32px\" height=\"20px\" xmlns=\"http:\/\/www.w3.org\/2000\/svg\" viewBox=\"0 0 32 32\"><path fill=\"#1f1f1f\" d=\"M30.8 10.9c-0.3-1.4-0.9-2.6-1.8-3.8-2-2.6-5.5-4.5-9.4-5.2-1.3-0.2-1.9-0.3-3.5-0.3s-2.2 0-3.5 0.3c-4 0.7-7.4 2.6-9.4 5.2-0.9 1.2-1.5 2.4-1.8 3.8-0.1 0.5-0.2 1.2-0.2 1.6 0 0.4 0.1 1.1 0.2 1.6 0.4 1.9 1.3 3.4 2.9 5 0.8 0.8 0.8 0.8 0.7 1.3 0 0.6-0.5 1.6-1.7 3.6-0.3 0.5-0.5 0.9-0.5 0.9 0 0.1 0.1 0.1 0.5 0 0.8-0.2 2.3-0.6 5.6-1.6 1.1-0.3 1.3-0.4 2.3-0.4 0.8 0 1.1 0 2.3 0.2 1.5 0.2 3.5 0.2 4.9 0 5.1-0.6 9.3-2.9 11.4-6.3 0.5-0.9 0.9-1.8 1.1-2.8 0.1-0.5 0.2-1.1 0.2-1.6 0-0.7-0.1-1.1-0.2-1.6-0.3-1.4 0.1 0.5 0 0zM20.6 17.3c0 0.4-0.4 0.8-0.8 0.8h-7.7c-0.4 0-0.8-0.4-0.8-0.8v-4.6c0-0.4 0.4-0.8 0.8-0.8h0.2l0-1.6c0-0.9 0-1.8 0.1-2 0.1-0.6 0.6-1.2 1.1-1.7s1.1-0.7 1.9-0.8c1.8-0.3 3.7 0.7 4.2 2.2 0.1 0.3 0.1 0.7 0.1 2.1v0 1.7h0.1c0.4 0 0.8 0.4 0.8 0.8v4.6zM15.6 7.3c-0.5 0.1-0.8 0.3-1.2 0.6s-0.6 0.8-0.7 1.3c0 0.2 0 0.8 0 1.5l0 1.2h4.6v-1.3c0-1 0-1.4-0.1-1.6-0.3-1.1-1.5-1.9-2.6-1.7zM25.8 28.2c0 1.2-1 2.2-2.1 2.2s-2.1-1-2.1-2.1c0-1.2 1-2.1 2.2-2.1s2.2 1 2.2 2.2zM18.1 28.2c0 1.2-1 2.2-2.1 2.2s-2.1-1-2.1-2.1c0-1.2 1-2.1 2.2-2.1s2.2 1 2.2 2.2zM10.4 28.2c0 1.2-1 2.2-2.1 2.2s-2.1-1-2.1-2.1c0-1.2 1-2.1 2.2-2.1s2.2 1 2.2 2.2z\"\/><\/svg><\/span><span class=\"shariff-text\">teilen<\/span>&nbsp;<\/a><\/li><li class=\"shariff-button twitter shariff-nocustomcolor\" style=\"background-color:#595959\"><a href=\"https:\/\/twitter.com\/share?url=https%3A%2F%2Fwww.cosinuss.com%2Fde%2F2023%2F06%2F26%2Ftech-days-munich-2023%2F&text=Tech%20Days%20Munich%202023\" title=\"Bei X teilen\" aria-label=\"Bei X teilen\" role=\"button\" rel=\"noopener nofollow\" class=\"shariff-link\" style=\"; background-color:#000; color:#fff\" target=\"_blank\"><span class=\"shariff-icon\" style=\"\"><svg width=\"32px\" height=\"20px\" xmlns=\"http:\/\/www.w3.org\/2000\/svg\" viewBox=\"0 0 24 24\"><path fill=\"#000\" d=\"M14.258 10.152L23.176 0h-2.113l-7.747 8.813L7.133 0H0l9.352 13.328L0 23.973h2.113l8.176-9.309 6.531 9.309h7.133zm-2.895 3.293l-.949-1.328L2.875 1.56h3.246l6.086 8.523.945 1.328 7.91 11.078h-3.246zm0 0\"\/><\/svg><\/span><span class=\"shariff-text\">teilen<\/span>&nbsp;<\/a><\/li><li class=\"shariff-button vk shariff-nocustomcolor\" style=\"background-color:#4273c8\"><a href=\"https:\/\/vk.com\/share.php?url=https%3A%2F%2Fwww.cosinuss.com%2Fde%2F2023%2F06%2F26%2Ftech-days-munich-2023%2F\" title=\"Bei VK teilen\" aria-label=\"Bei VK teilen\" role=\"button\" rel=\"noopener nofollow\" class=\"shariff-link\" style=\"; background-color:#527498; color:#fff\" target=\"_blank\"><span class=\"shariff-icon\" style=\"\"><svg width=\"32px\" height=\"20px\" xmlns=\"http:\/\/www.w3.org\/2000\/svg\" viewBox=\"0 0 34 32\"><path fill=\"#527498\" d=\"M34.2 9.3q0.4 1.1-2.7 5.3-0.4 0.6-1.2 1.5-1.4 1.8-1.6 2.3-0.3 0.7 0.3 1.4 0.3 0.4 1.4 1.5h0l0.1 0.1q2.5 2.3 3.4 3.9 0.1 0.1 0.1 0.2t0.1 0.5 0 0.6-0.4 0.5-1.1 0.2l-4.6 0.1q-0.4 0.1-1-0.1t-0.9-0.4l-0.4-0.2q-0.5-0.4-1.2-1.1t-1.2-1.4-1.1-1-1-0.3q-0.1 0-0.1 0.1t-0.3 0.3-0.4 0.5-0.3 0.9-0.1 1.4q0 0.3-0.1 0.5t-0.1 0.3l-0.1 0.1q-0.3 0.3-0.9 0.4h-2.1q-1.3 0.1-2.6-0.3t-2.3-0.9-1.8-1.2-1.3-1l-0.4-0.4q-0.2-0.2-0.5-0.5t-1.3-1.6-1.9-2.7-2.2-3.8-2.3-4.9q-0.1-0.3-0.1-0.5t0.1-0.3l0.1-0.1q0.3-0.3 1-0.3l4.9 0q0.2 0 0.4 0.1t0.3 0.2l0.1 0.1q0.3 0.2 0.4 0.6 0.4 0.9 0.8 1.8t0.7 1.5l0.3 0.5q0.5 1.1 1 1.9t0.9 1.2 0.7 0.7 0.6 0.3 0.5-0.1q0 0 0.1-0.1t0.2-0.4 0.2-0.8 0.2-1.4 0-2.2q0-0.7-0.2-1.3t-0.2-0.8l-0.1-0.2q-0.4-0.6-1.5-0.8-0.2 0 0.1-0.4 0.3-0.3 0.7-0.5 0.9-0.5 4.3-0.4 1.5 0 2.4 0.2 0.4 0.1 0.6 0.2t0.4 0.4 0.2 0.6 0.1 0.8 0 1 0 1.3 0 1.5q0 0.2 0 0.8t0 0.9 0.1 0.7 0.2 0.7 0.4 0.4q0.1 0 0.3 0.1t0.5-0.2 0.7-0.6 0.9-1.2 1.2-1.9q1.1-1.9 1.9-4 0.1-0.2 0.2-0.3t0.2-0.2l0.1-0.1 0.1 0t0.2-0.1 0.4 0l5.1 0q0.7-0.1 1.1 0t0.6 0.3z\"\/><\/svg><\/span><span class=\"shariff-text\">teilen<\/span>&nbsp;<\/a><\/li><li class=\"shariff-button whatsapp shariff-nocustomcolor\" style=\"background-color:#5cbe4a\"><a href=\"https:\/\/api.whatsapp.com\/send?text=https%3A%2F%2Fwww.cosinuss.com%2Fde%2F2023%2F06%2F26%2Ftech-days-munich-2023%2F%20Tech%20Days%20Munich%202023\" title=\"Bei Whatsapp teilen\" aria-label=\"Bei Whatsapp teilen\" role=\"button\" rel=\"noopener nofollow\" class=\"shariff-link\" style=\"; background-color:#34af23; color:#fff\" target=\"_blank\"><span class=\"shariff-icon\" style=\"\"><svg width=\"32px\" height=\"20px\" xmlns=\"http:\/\/www.w3.org\/2000\/svg\" viewBox=\"0 0 32 32\"><path fill=\"#34af23\" d=\"M17.6 17.4q0.2 0 1.7 0.8t1.6 0.9q0 0.1 0 0.3 0 0.6-0.3 1.4-0.3 0.7-1.3 1.2t-1.8 0.5q-1 0-3.4-1.1-1.7-0.8-3-2.1t-2.6-3.3q-1.3-1.9-1.3-3.5v-0.1q0.1-1.6 1.3-2.8 0.4-0.4 0.9-0.4 0.1 0 0.3 0t0.3 0q0.3 0 0.5 0.1t0.3 0.5q0.1 0.4 0.6 1.6t0.4 1.3q0 0.4-0.6 1t-0.6 0.8q0 0.1 0.1 0.3 0.6 1.3 1.8 2.4 1 0.9 2.7 1.8 0.2 0.1 0.4 0.1 0.3 0 1-0.9t0.9-0.9zM14 26.9q2.3 0 4.3-0.9t3.6-2.4 2.4-3.6 0.9-4.3-0.9-4.3-2.4-3.6-3.6-2.4-4.3-0.9-4.3 0.9-3.6 2.4-2.4 3.6-0.9 4.3q0 3.6 2.1 6.6l-1.4 4.2 4.3-1.4q2.8 1.9 6.2 1.9zM14 2.2q2.7 0 5.2 1.1t4.3 2.9 2.9 4.3 1.1 5.2-1.1 5.2-2.9 4.3-4.3 2.9-5.2 1.1q-3.5 0-6.5-1.7l-7.4 2.4 2.4-7.2q-1.9-3.2-1.9-6.9 0-2.7 1.1-5.2t2.9-4.3 4.3-2.9 5.2-1.1z\"\/><\/svg><\/span><span class=\"shariff-text\">teilen<\/span>&nbsp;<\/a><\/li><li class=\"shariff-button xing shariff-nocustomcolor\" style=\"background-color:#29888a\"><a href=\"https:\/\/www.xing.com\/spi\/shares\/new?url=https%3A%2F%2Fwww.cosinuss.com%2Fde%2F2023%2F06%2F26%2Ftech-days-munich-2023%2F\" title=\"Bei XING teilen\" aria-label=\"Bei XING teilen\" role=\"button\" rel=\"noopener nofollow\" class=\"shariff-link\" style=\"; background-color:#126567; color:#fff\" target=\"_blank\"><span class=\"shariff-icon\" style=\"\"><svg width=\"32px\" height=\"20px\" xmlns=\"http:\/\/www.w3.org\/2000\/svg\" viewBox=\"0 0 25 32\"><path fill=\"#126567\" d=\"M10.7 11.9q-0.2 0.3-4.6 8.2-0.5 0.8-1.2 0.8h-4.3q-0.4 0-0.5-0.3t0-0.6l4.5-8q0 0 0 0l-2.9-5q-0.2-0.4 0-0.7 0.2-0.3 0.5-0.3h4.3q0.7 0 1.2 0.8zM25.1 0.4q0.2 0.3 0 0.7l-9.4 16.7 6 11q0.2 0.4 0 0.6-0.2 0.3-0.6 0.3h-4.3q-0.7 0-1.2-0.8l-6-11.1q0.3-0.6 9.5-16.8 0.4-0.8 1.2-0.8h4.3q0.4 0 0.5 0.3z\"\/><\/svg><\/span><span class=\"shariff-text\">teilen<\/span>&nbsp;<\/a><\/li><li class=\"shariff-button mailto shariff-nocustomcolor\" style=\"background-color:#a8a8a8\"><a href=\"mailto:?body=https%3A%2F%2Fwww.cosinuss.com%2Fde%2F2023%2F06%2F26%2Ftech-days-munich-2023%2F&subject=Tech%20Days%20Munich%202023\" title=\"Per E-Mail versenden\" aria-label=\"Per E-Mail versenden\" role=\"button\" rel=\"noopener nofollow\" class=\"shariff-link\" style=\"; background-color:#999; color:#fff\"><span class=\"shariff-icon\" style=\"\"><svg width=\"32px\" height=\"20px\" xmlns=\"http:\/\/www.w3.org\/2000\/svg\" viewBox=\"0 0 32 32\"><path fill=\"#999\" d=\"M32 12.7v14.2q0 1.2-0.8 2t-2 0.9h-26.3q-1.2 0-2-0.9t-0.8-2v-14.2q0.8 0.9 1.8 1.6 6.5 4.4 8.9 6.1 1 0.8 1.6 1.2t1.7 0.9 2 0.4h0.1q0.9 0 2-0.4t1.7-0.9 1.6-1.2q3-2.2 8.9-6.1 1-0.7 1.8-1.6zM32 7.4q0 1.4-0.9 2.7t-2.2 2.2q-6.7 4.7-8.4 5.8-0.2 0.1-0.7 0.5t-1 0.7-0.9 0.6-1.1 0.5-0.9 0.2h-0.1q-0.4 0-0.9-0.2t-1.1-0.5-0.9-0.6-1-0.7-0.7-0.5q-1.6-1.1-4.7-3.2t-3.6-2.6q-1.1-0.7-2.1-2t-1-2.5q0-1.4 0.7-2.3t2.1-0.9h26.3q1.2 0 2 0.8t0.9 2z\"\/><\/svg><\/span><span class=\"shariff-text\">E-Mail<\/span>&nbsp;<\/a><\/li><\/ul><\/div>","protected":false},"excerpt":{"rendered":"","protected":false},"author":18,"featured_media":26783,"comment_status":"closed","ping_status":"closed","sticky":false,"template":"","format":"standard","meta":{"_FSMCFIC_featured_image_caption":"","_FSMCFIC_featured_image_nocaption":"","_FSMCFIC_featured_image_hide":"","footnotes":""},"categories":[69,71],"tags":[],"ppma_author":[150],"class_list":["post-26784","post","type-post","status-publish","format-standard","has-post-thumbnail","hentry","category-events-de","category-vergangen"],"yoast_head":"<!-- This site is optimized with the Yoast SEO plugin v27.4 - https:\/\/yoast.com\/product\/yoast-seo-wordpress\/ -->\n<title>Tech Days Munich 2023 - cosinuss\u00b0<\/title>\n<meta name=\"robots\" content=\"index, follow, max-snippet:-1, max-image-preview:large, max-video-preview:-1\" \/>\n<link rel=\"canonical\" href=\"https:\/\/www.cosinuss.com\/de\/2023\/06\/26\/tech-days-munich-2023\/\" \/>\n<meta property=\"og:locale\" content=\"de_DE\" \/>\n<meta property=\"og:type\" content=\"article\" \/>\n<meta property=\"og:title\" content=\"Tech Days Munich 2023 - cosinuss\u00b0\" \/>\n<meta property=\"og:url\" content=\"https:\/\/www.cosinuss.com\/de\/2023\/06\/26\/tech-days-munich-2023\/\" \/>\n<meta property=\"og:site_name\" content=\"cosinuss\u00b0\" \/>\n<meta property=\"article:publisher\" content=\"https:\/\/www.facebook.com\/cosinuss.wearables\/\" \/>\n<meta property=\"article:published_time\" content=\"2023-06-26T06:00:34+00:00\" \/>\n<meta property=\"article:modified_time\" content=\"2023-06-29T10:11:59+00:00\" \/>\n<meta property=\"og:image\" content=\"https:\/\/www.cosinuss.com\/wp-content\/uploads\/2023\/06\/TechDays_Header_1250x625.png\" \/>\n\t<meta property=\"og:image:width\" content=\"1250\" \/>\n\t<meta property=\"og:image:height\" content=\"625\" \/>\n\t<meta property=\"og:image:type\" content=\"image\/png\" \/>\n<meta name=\"author\" content=\"Melanie Schade\" \/>\n<meta name=\"twitter:card\" content=\"summary_large_image\" \/>\n<meta name=\"twitter:creator\" content=\"@cosinuss_\" \/>\n<meta name=\"twitter:site\" content=\"@cosinuss_\" \/>\n<meta name=\"twitter:label1\" content=\"Verfasst von\" \/>\n\t<meta name=\"twitter:data1\" content=\"Melanie Schade\" \/>\n\t<meta name=\"twitter:label2\" content=\"Gesch\u00e4tzte Lesezeit\" \/>\n\t<meta name=\"twitter:data2\" content=\"5\u00a0Minuten\" \/>\n<script type=\"application\/ld+json\" class=\"yoast-schema-graph\">{\"@context\":\"https:\\\/\\\/schema.org\",\"@graph\":[{\"@type\":\"Article\",\"@id\":\"https:\\\/\\\/www.cosinuss.com\\\/de\\\/2023\\\/06\\\/26\\\/tech-days-munich-2023\\\/#article\",\"isPartOf\":{\"@id\":\"https:\\\/\\\/www.cosinuss.com\\\/de\\\/2023\\\/06\\\/26\\\/tech-days-munich-2023\\\/\"},\"author\":{\"name\":\"Melanie Schade\",\"@id\":\"https:\\\/\\\/www.cosinuss.com\\\/en\\\/#\\\/schema\\\/person\\\/42240665fb824c91c56d069c3839061c\"},\"headline\":\"Tech Days Munich 2023\",\"datePublished\":\"2023-06-26T06:00:34+00:00\",\"dateModified\":\"2023-06-29T10:11:59+00:00\",\"mainEntityOfPage\":{\"@id\":\"https:\\\/\\\/www.cosinuss.com\\\/de\\\/2023\\\/06\\\/26\\\/tech-days-munich-2023\\\/\"},\"wordCount\":2335,\"publisher\":{\"@id\":\"https:\\\/\\\/www.cosinuss.com\\\/en\\\/#organization\"},\"image\":{\"@id\":\"https:\\\/\\\/www.cosinuss.com\\\/de\\\/2023\\\/06\\\/26\\\/tech-days-munich-2023\\\/#primaryimage\"},\"thumbnailUrl\":\"https:\\\/\\\/www.cosinuss.com\\\/wp-content\\\/uploads\\\/2023\\\/06\\\/TechDays_Header_1250x625.png\",\"articleSection\":[\"Events\",\"Vergangen\"],\"inLanguage\":\"de\"},{\"@type\":\"WebPage\",\"@id\":\"https:\\\/\\\/www.cosinuss.com\\\/de\\\/2023\\\/06\\\/26\\\/tech-days-munich-2023\\\/\",\"url\":\"https:\\\/\\\/www.cosinuss.com\\\/de\\\/2023\\\/06\\\/26\\\/tech-days-munich-2023\\\/\",\"name\":\"Tech Days Munich 2023 - cosinuss\u00b0\",\"isPartOf\":{\"@id\":\"https:\\\/\\\/www.cosinuss.com\\\/en\\\/#website\"},\"primaryImageOfPage\":{\"@id\":\"https:\\\/\\\/www.cosinuss.com\\\/de\\\/2023\\\/06\\\/26\\\/tech-days-munich-2023\\\/#primaryimage\"},\"image\":{\"@id\":\"https:\\\/\\\/www.cosinuss.com\\\/de\\\/2023\\\/06\\\/26\\\/tech-days-munich-2023\\\/#primaryimage\"},\"thumbnailUrl\":\"https:\\\/\\\/www.cosinuss.com\\\/wp-content\\\/uploads\\\/2023\\\/06\\\/TechDays_Header_1250x625.png\",\"datePublished\":\"2023-06-26T06:00:34+00:00\",\"dateModified\":\"2023-06-29T10:11:59+00:00\",\"breadcrumb\":{\"@id\":\"https:\\\/\\\/www.cosinuss.com\\\/de\\\/2023\\\/06\\\/26\\\/tech-days-munich-2023\\\/#breadcrumb\"},\"inLanguage\":\"de\",\"potentialAction\":[{\"@type\":\"ReadAction\",\"target\":[\"https:\\\/\\\/www.cosinuss.com\\\/de\\\/2023\\\/06\\\/26\\\/tech-days-munich-2023\\\/\"]}]},{\"@type\":\"ImageObject\",\"inLanguage\":\"de\",\"@id\":\"https:\\\/\\\/www.cosinuss.com\\\/de\\\/2023\\\/06\\\/26\\\/tech-days-munich-2023\\\/#primaryimage\",\"url\":\"https:\\\/\\\/www.cosinuss.com\\\/wp-content\\\/uploads\\\/2023\\\/06\\\/TechDays_Header_1250x625.png\",\"contentUrl\":\"https:\\\/\\\/www.cosinuss.com\\\/wp-content\\\/uploads\\\/2023\\\/06\\\/TechDays_Header_1250x625.png\",\"width\":1250,\"height\":625,\"caption\":\"cosinuss TechDays Munich 2023 Header\"},{\"@type\":\"BreadcrumbList\",\"@id\":\"https:\\\/\\\/www.cosinuss.com\\\/de\\\/2023\\\/06\\\/26\\\/tech-days-munich-2023\\\/#breadcrumb\",\"itemListElement\":[{\"@type\":\"ListItem\",\"position\":1,\"name\":\"Home\",\"item\":\"https:\\\/\\\/www.cosinuss.com\\\/de\\\/\"},{\"@type\":\"ListItem\",\"position\":2,\"name\":\"Tech Days Munich 2023\"}]},{\"@type\":\"WebSite\",\"@id\":\"https:\\\/\\\/www.cosinuss.com\\\/en\\\/#website\",\"url\":\"https:\\\/\\\/www.cosinuss.com\\\/en\\\/\",\"name\":\"Cosinuss\",\"description\":\"Mobile Health Solutions\",\"publisher\":{\"@id\":\"https:\\\/\\\/www.cosinuss.com\\\/en\\\/#organization\"},\"potentialAction\":[{\"@type\":\"SearchAction\",\"target\":{\"@type\":\"EntryPoint\",\"urlTemplate\":\"https:\\\/\\\/www.cosinuss.com\\\/en\\\/?s={search_term_string}\"},\"query-input\":{\"@type\":\"PropertyValueSpecification\",\"valueRequired\":true,\"valueName\":\"search_term_string\"}}],\"inLanguage\":\"de\"},{\"@type\":\"Organization\",\"@id\":\"https:\\\/\\\/www.cosinuss.com\\\/en\\\/#organization\",\"name\":\"Cosinuss GmbH\",\"url\":\"https:\\\/\\\/www.cosinuss.com\\\/en\\\/\",\"logo\":{\"@type\":\"ImageObject\",\"inLanguage\":\"de\",\"@id\":\"https:\\\/\\\/www.cosinuss.com\\\/en\\\/#\\\/schema\\\/logo\\\/image\\\/\",\"url\":\"https:\\\/\\\/www.cosinuss.com\\\/wp-content\\\/uploads\\\/2017\\\/12\\\/cosinuss_Logo_rgb_120x24.png\",\"contentUrl\":\"https:\\\/\\\/www.cosinuss.com\\\/wp-content\\\/uploads\\\/2017\\\/12\\\/cosinuss_Logo_rgb_120x24.png\",\"width\":120,\"height\":24,\"caption\":\"Cosinuss GmbH\"},\"image\":{\"@id\":\"https:\\\/\\\/www.cosinuss.com\\\/en\\\/#\\\/schema\\\/logo\\\/image\\\/\"},\"sameAs\":[\"https:\\\/\\\/www.facebook.com\\\/cosinuss.wearables\\\/\",\"https:\\\/\\\/x.com\\\/cosinuss_\",\"https:\\\/\\\/www.instagram.com\\\/cosinuss_earconnect\\\/\",\"https:\\\/\\\/www.linkedin.com\\\/company\\\/cosinuss-gmbh\\\/\",\"https:\\\/\\\/www.youtube.com\\\/channel\\\/UCNjr9fl2yZjcxQ3Wjbr96kg\"]},{\"@type\":\"Person\",\"@id\":\"https:\\\/\\\/www.cosinuss.com\\\/en\\\/#\\\/schema\\\/person\\\/42240665fb824c91c56d069c3839061c\",\"name\":\"Melanie Schade\",\"image\":{\"@type\":\"ImageObject\",\"inLanguage\":\"de\",\"@id\":\"https:\\\/\\\/www.cosinuss.com\\\/wp-content\\\/uploads\\\/2020\\\/06\\\/COS-Mitarbeiter_Melanie-Schade-2-150x150.jpg916609e90e0a3bce4cb620b809f6ef62\",\"url\":\"https:\\\/\\\/www.cosinuss.com\\\/wp-content\\\/uploads\\\/2020\\\/06\\\/COS-Mitarbeiter_Melanie-Schade-2-150x150.jpg\",\"contentUrl\":\"https:\\\/\\\/www.cosinuss.com\\\/wp-content\\\/uploads\\\/2020\\\/06\\\/COS-Mitarbeiter_Melanie-Schade-2-150x150.jpg\",\"caption\":\"Melanie Schade\"},\"description\":\"M.A. Kommunikationswissenschaft und Online-Marketing-Expertin mit Schwerpunkt auf Gesundheits- und Wissenschaftskommunikation.\",\"url\":\"https:\\\/\\\/www.cosinuss.com\\\/de\\\/author\\\/melanie-schade\\\/\"}]}<\/script>\n<!-- \/ Yoast SEO plugin. -->","yoast_head_json":{"title":"Tech Days Munich 2023 - cosinuss\u00b0","robots":{"index":"index","follow":"follow","max-snippet":"max-snippet:-1","max-image-preview":"max-image-preview:large","max-video-preview":"max-video-preview:-1"},"canonical":"https:\/\/www.cosinuss.com\/de\/2023\/06\/26\/tech-days-munich-2023\/","og_locale":"de_DE","og_type":"article","og_title":"Tech Days Munich 2023 - cosinuss\u00b0","og_url":"https:\/\/www.cosinuss.com\/de\/2023\/06\/26\/tech-days-munich-2023\/","og_site_name":"cosinuss\u00b0","article_publisher":"https:\/\/www.facebook.com\/cosinuss.wearables\/","article_published_time":"2023-06-26T06:00:34+00:00","article_modified_time":"2023-06-29T10:11:59+00:00","og_image":[{"width":1250,"height":625,"url":"https:\/\/www.cosinuss.com\/wp-content\/uploads\/2023\/06\/TechDays_Header_1250x625.png","type":"image\/png"}],"author":"Melanie Schade","twitter_card":"summary_large_image","twitter_creator":"@cosinuss_","twitter_site":"@cosinuss_","twitter_misc":{"Verfasst von":"Melanie Schade","Gesch\u00e4tzte Lesezeit":"5\u00a0Minuten"},"schema":{"@context":"https:\/\/schema.org","@graph":[{"@type":"Article","@id":"https:\/\/www.cosinuss.com\/de\/2023\/06\/26\/tech-days-munich-2023\/#article","isPartOf":{"@id":"https:\/\/www.cosinuss.com\/de\/2023\/06\/26\/tech-days-munich-2023\/"},"author":{"name":"Melanie Schade","@id":"https:\/\/www.cosinuss.com\/en\/#\/schema\/person\/42240665fb824c91c56d069c3839061c"},"headline":"Tech Days Munich 2023","datePublished":"2023-06-26T06:00:34+00:00","dateModified":"2023-06-29T10:11:59+00:00","mainEntityOfPage":{"@id":"https:\/\/www.cosinuss.com\/de\/2023\/06\/26\/tech-days-munich-2023\/"},"wordCount":2335,"publisher":{"@id":"https:\/\/www.cosinuss.com\/en\/#organization"},"image":{"@id":"https:\/\/www.cosinuss.com\/de\/2023\/06\/26\/tech-days-munich-2023\/#primaryimage"},"thumbnailUrl":"https:\/\/www.cosinuss.com\/wp-content\/uploads\/2023\/06\/TechDays_Header_1250x625.png","articleSection":["Events","Vergangen"],"inLanguage":"de"},{"@type":"WebPage","@id":"https:\/\/www.cosinuss.com\/de\/2023\/06\/26\/tech-days-munich-2023\/","url":"https:\/\/www.cosinuss.com\/de\/2023\/06\/26\/tech-days-munich-2023\/","name":"Tech Days Munich 2023 - cosinuss\u00b0","isPartOf":{"@id":"https:\/\/www.cosinuss.com\/en\/#website"},"primaryImageOfPage":{"@id":"https:\/\/www.cosinuss.com\/de\/2023\/06\/26\/tech-days-munich-2023\/#primaryimage"},"image":{"@id":"https:\/\/www.cosinuss.com\/de\/2023\/06\/26\/tech-days-munich-2023\/#primaryimage"},"thumbnailUrl":"https:\/\/www.cosinuss.com\/wp-content\/uploads\/2023\/06\/TechDays_Header_1250x625.png","datePublished":"2023-06-26T06:00:34+00:00","dateModified":"2023-06-29T10:11:59+00:00","breadcrumb":{"@id":"https:\/\/www.cosinuss.com\/de\/2023\/06\/26\/tech-days-munich-2023\/#breadcrumb"},"inLanguage":"de","potentialAction":[{"@type":"ReadAction","target":["https:\/\/www.cosinuss.com\/de\/2023\/06\/26\/tech-days-munich-2023\/"]}]},{"@type":"ImageObject","inLanguage":"de","@id":"https:\/\/www.cosinuss.com\/de\/2023\/06\/26\/tech-days-munich-2023\/#primaryimage","url":"https:\/\/www.cosinuss.com\/wp-content\/uploads\/2023\/06\/TechDays_Header_1250x625.png","contentUrl":"https:\/\/www.cosinuss.com\/wp-content\/uploads\/2023\/06\/TechDays_Header_1250x625.png","width":1250,"height":625,"caption":"cosinuss TechDays Munich 2023 Header"},{"@type":"BreadcrumbList","@id":"https:\/\/www.cosinuss.com\/de\/2023\/06\/26\/tech-days-munich-2023\/#breadcrumb","itemListElement":[{"@type":"ListItem","position":1,"name":"Home","item":"https:\/\/www.cosinuss.com\/de\/"},{"@type":"ListItem","position":2,"name":"Tech Days Munich 2023"}]},{"@type":"WebSite","@id":"https:\/\/www.cosinuss.com\/en\/#website","url":"https:\/\/www.cosinuss.com\/en\/","name":"Cosinuss","description":"Mobile Health Solutions","publisher":{"@id":"https:\/\/www.cosinuss.com\/en\/#organization"},"potentialAction":[{"@type":"SearchAction","target":{"@type":"EntryPoint","urlTemplate":"https:\/\/www.cosinuss.com\/en\/?s={search_term_string}"},"query-input":{"@type":"PropertyValueSpecification","valueRequired":true,"valueName":"search_term_string"}}],"inLanguage":"de"},{"@type":"Organization","@id":"https:\/\/www.cosinuss.com\/en\/#organization","name":"Cosinuss GmbH","url":"https:\/\/www.cosinuss.com\/en\/","logo":{"@type":"ImageObject","inLanguage":"de","@id":"https:\/\/www.cosinuss.com\/en\/#\/schema\/logo\/image\/","url":"https:\/\/www.cosinuss.com\/wp-content\/uploads\/2017\/12\/cosinuss_Logo_rgb_120x24.png","contentUrl":"https:\/\/www.cosinuss.com\/wp-content\/uploads\/2017\/12\/cosinuss_Logo_rgb_120x24.png","width":120,"height":24,"caption":"Cosinuss GmbH"},"image":{"@id":"https:\/\/www.cosinuss.com\/en\/#\/schema\/logo\/image\/"},"sameAs":["https:\/\/www.facebook.com\/cosinuss.wearables\/","https:\/\/x.com\/cosinuss_","https:\/\/www.instagram.com\/cosinuss_earconnect\/","https:\/\/www.linkedin.com\/company\/cosinuss-gmbh\/","https:\/\/www.youtube.com\/channel\/UCNjr9fl2yZjcxQ3Wjbr96kg"]},{"@type":"Person","@id":"https:\/\/www.cosinuss.com\/en\/#\/schema\/person\/42240665fb824c91c56d069c3839061c","name":"Melanie Schade","image":{"@type":"ImageObject","inLanguage":"de","@id":"https:\/\/www.cosinuss.com\/wp-content\/uploads\/2020\/06\/COS-Mitarbeiter_Melanie-Schade-2-150x150.jpg916609e90e0a3bce4cb620b809f6ef62","url":"https:\/\/www.cosinuss.com\/wp-content\/uploads\/2020\/06\/COS-Mitarbeiter_Melanie-Schade-2-150x150.jpg","contentUrl":"https:\/\/www.cosinuss.com\/wp-content\/uploads\/2020\/06\/COS-Mitarbeiter_Melanie-Schade-2-150x150.jpg","caption":"Melanie Schade"},"description":"M.A. Kommunikationswissenschaft und Online-Marketing-Expertin mit Schwerpunkt auf Gesundheits- und Wissenschaftskommunikation.","url":"https:\/\/www.cosinuss.com\/de\/author\/melanie-schade\/"}]}},"authors":[{"term_id":150,"user_id":18,"is_guest":0,"slug":"melanie-schade","display_name":"Melanie Schade","avatar_url":"https:\/\/www.cosinuss.com\/wp-content\/uploads\/2020\/06\/COS-Mitarbeiter_Melanie-Schade-2-150x150.jpg","0":null,"1":"","2":"","3":"","4":"","5":"","6":"","7":"","8":""}],"_links":{"self":[{"href":"https:\/\/www.cosinuss.com\/de\/wp-json\/wp\/v2\/posts\/26784","targetHints":{"allow":["GET"]}}],"collection":[{"href":"https:\/\/www.cosinuss.com\/de\/wp-json\/wp\/v2\/posts"}],"about":[{"href":"https:\/\/www.cosinuss.com\/de\/wp-json\/wp\/v2\/types\/post"}],"author":[{"embeddable":true,"href":"https:\/\/www.cosinuss.com\/de\/wp-json\/wp\/v2\/users\/18"}],"replies":[{"embeddable":true,"href":"https:\/\/www.cosinuss.com\/de\/wp-json\/wp\/v2\/comments?post=26784"}],"version-history":[{"count":2,"href":"https:\/\/www.cosinuss.com\/de\/wp-json\/wp\/v2\/posts\/26784\/revisions"}],"predecessor-version":[{"id":26786,"href":"https:\/\/www.cosinuss.com\/de\/wp-json\/wp\/v2\/posts\/26784\/revisions\/26786"}],"wp:featuredmedia":[{"embeddable":true,"href":"https:\/\/www.cosinuss.com\/de\/wp-json\/wp\/v2\/media\/26783"}],"wp:attachment":[{"href":"https:\/\/www.cosinuss.com\/de\/wp-json\/wp\/v2\/media?parent=26784"}],"wp:term":[{"taxonomy":"category","embeddable":true,"href":"https:\/\/www.cosinuss.com\/de\/wp-json\/wp\/v2\/categories?post=26784"},{"taxonomy":"post_tag","embeddable":true,"href":"https:\/\/www.cosinuss.com\/de\/wp-json\/wp\/v2\/tags?post=26784"},{"taxonomy":"author","embeddable":true,"href":"https:\/\/www.cosinuss.com\/de\/wp-json\/wp\/v2\/ppma_author?post=26784"}],"curies":[{"name":"wp","href":"https:\/\/api.w.org\/{rel}","templated":true}]}}